{"id":760,"date":"2014-06-23T08:50:44","date_gmt":"2014-06-23T06:50:44","guid":{"rendered":"https:\/\/develop.arbitrationassociation.org\/?p=760"},"modified":"2020-12-16T18:32:27","modified_gmt":"2020-12-16T17:32:27","slug":"twin-arbitration-conference-in-vienna","status":"publish","type":"post","link":"https:\/\/www.arbitrationassociation.org\/en\/twin-arbitration-conference-in-vienna\/","title":{"rendered":"Twin arbitration conference in Vienna"},"content":{"rendered":"<p>[fusion_builder_container hundred_percent=&#8221;yes&#8221; overflow=&#8221;visible&#8221;][fusion_builder_row][fusion_builder_column type=&#8221;1_1&#8243; background_position=&#8221;left top&#8221; background_color=&#8221;&#8221; border_size=&#8221;&#8221; border_color=&#8221;&#8221; border_style=&#8221;solid&#8221; spacing=&#8221;yes&#8221; background_image=&#8221;&#8221; background_repeat=&#8221;no-repeat&#8221; padding=&#8221;&#8221; margin_top=&#8221;0px&#8221; margin_bottom=&#8221;0px&#8221; class=&#8221;&#8221; id=&#8221;&#8221; animation_type=&#8221;&#8221; animation_speed=&#8221;0.3&#8243; animation_direction=&#8221;left&#8221; hide_on_mobile=&#8221;no&#8221; center_content=&#8221;no&#8221; min_height=&#8221;none&#8221;][fusion_text]<\/p>\n<p style=\"text-align: justify;\"><span id=\"result_box\" class=\"\" lang=\"en\"><span title=\"U organizaciji arb|aut i Udru\u017eenja za arbitra\u017eno pravo i uz podr\u0161ku arbitra\u017enih institucija VIAC i BAC, odr\u017ea\u0107e se Tvin arbitra\u017ena konferencija u Be\u010du .\">Organized arb | throw and the Association for arbitration law and with the support of arbitral institutions Viacom, BAC, will be held Twin arbitration conference in Vienna. <\/span><span title=\"Posle konferencije sledi Be\u010dko ve\u010de (Vienese evening). \">After the press conference following the Viennese evening (Vienese evening).<br \/>\n<\/span><span title=\"Teme skupa su arbitra\u017ena pravila BAC (2014) i nova arbitra\u017ena pravila STA (2014), kao i Uputstva IBA o zastupanju stranaka u me\u0111unarodnoj arbitra\u017ei. \">Topics are arbitration rules BAC (2014) and the new arbitration rules STA (2014), as well as the IBA Guidelines on the representation of parties in international arbitration.<\/span><\/span><\/p>\n<p><span id=\"result_box\" class=\"\" lang=\"en\"><span title=\"Mesto: \">City:<\/span><\/span><\/p>\n<p><span title=\"Vienna Economic Chamber, Stubenring 8-10, 1010 Vienna \">Vienna Economic Chamber, Stubenring 8-10, 1010 Vienna<br \/>\n<\/span><span title=\"Predstavljanje novih arbitra\u017enih pravila donetih u Srbiji \">Presentation of the new arbitration rules adopted in Serbia<\/span><\/p>\n<p><span title=\"Uvodni\u010dari: \">Speakers:<\/span><\/p>\n<p><span title=\"Alexander Petsche, Predsednik arb|aut \">Alexander Petsche, President arb | aut<\/span><\/p>\n<p><span title=\"Manfred Heider, Generalni sekretar VIAC \">Manfred Heider, Secretary General VIAC<\/span><\/p>\n<p><span title=\"Panelisti: \">Panelists:<\/span><\/p>\n<p><span title=\"Professor Maja Stanivukovi\u0107, Predsednik BAC \">Professor International Law, Chairman of the BAC<\/span><\/p>\n<p><span id=\"result_box\" class=\"\" lang=\"en\"><span title=\"Professor Vladimir Pavi\u0107, Potpredsednik BAC \">Professor Vladimir Pavic, Vice President of BAC<\/span><\/span><\/p>\n<p><span title=\"Dr Tijana Kojovi\u0107,BDK advokati, \u010clan Predsedni\u0161tva BAC \">Dr Tijana Kojovi\u0107, BDK Attorneys, Member of the Presidency of the BAC<\/span><\/p>\n<p><span title=\"Ljubica Tomi\u0107, Advokatska kancelarija Tomi\u0107, Stevi\u0107, Duli\u0107 \">Ljubica Tomic, Law Office Tomic Stevic Dulic<\/span><\/p>\n<p><span title=\"Marko Szucsich, Baier, Rechtsanw\u00e4lte \">Marko Szucsich, Baier, Rechtsanw\u00e4lte<\/span><\/p>\n<p><span title=\"Alfred Siwy, Schoenherr, Attorneys at Law \">Alfred Siwy, Schoenherr, Attorneys at Law<\/span><\/p>\n<p><span title=\"Leon Kopeck\u00fd, Specht B\u00f6hm Rechtsanwalt \">Leon Kopeck\u00fd, Specht B\u00f6hm lawyer<\/span><\/p>\n<p><span title=\"Kakav \u0107e biti prijem Uputstava IBA o zastupanju \">What will be the reception IBA Guidelines on representation<br \/>\n<\/span><span title=\"stranaka u me\u0111unarodnoj arbitra\u017ei u Srbiji i Austriji? \">Parties to international arbitration in Serbia and Austria? <span title=\"Milan Lazi\u0107, Karanovi\u0107\/Nikoli\u0107 \">Milan Lazic, Karanovic \/ Nikoli\u0107<\/span><\/span><\/p>\n<p><span title=\"Boris Baklaja, Baklaja Igri\u0107 u saradnji sa Deloitte Legal \">Boris Baklaja, Baklaja Igri\u0107 in cooperation with Deloitte Legal<\/span><\/p>\n<p><span title=\"Dragan Psodorov, Joksovi\u0107, Stojanovi\u0107 &#038; Partners \">Dragan Psodorov, Joksovi\u0107, Stojanovi\u0107 &#038; Partners<\/span><\/p>\n<p><span title=\"Daniela Karollus-Bruner, CMS \">Daniela Karollus-Bruner, CMS<\/span><\/p>\n<p><span title=\"G\u00fcnther Horvath, Freshfields \">G\u00fcnther Horvath, Freshfields<\/span><\/p>\n<p><span title=\"Christian Klausegger, Binder Gr\u00f6sswang \">Christian Klausegger, Binder Gr\u00f6\u00dfwang<\/span><\/p>\n<p><span title=\"Moderatori \">Moderators<\/span><\/p>\n<p><span title=\"Florian Kremslehner, DBJ \">Florian Kremslehner, DBJ<\/span><\/p>\n<p><span title=\"Filip Boras, Baker &#038; McKenzie\">Filip Boras, Baker &#038; McKenzie<\/span><br \/>\n[\/fusion_text][\/fusion_builder_column][\/fusion_builder_row][\/fusion_builder_container]<\/p>\n","protected":false},"excerpt":{"rendered":"<p>[fusion_builder_container hundred_percent=&#8221;yes&#8221; overflow=&#8221;visible&#8221;][fusion_builder_row][fusion_builder_column type=&#8221;1_1&#8243; background_position=&#8221;left top&#8221; background_color=&#8221;&#8221; border_size=&#8221;&#8221; border_color=&#8221;&#8221; border_style=&#8221;solid&#8221; spacing=&#8221;yes&#8221; background_image=&#8221;&#8221; background_repeat=&#8221;no-repeat&#8221; padding=&#8221;&#8221; margin_top=&#8221;0px&#8221; margin_bottom=&#8221;0px&#8221; class=&#8221;&#8221; id=&#8221;&#8221; animation_type=&#8221;&#8221; animation_speed=&#8221;0.3&#8243; animation_direction=&#8221;left&#8221; hide_on_mobile=&#8221;no&#8221; center_content=&#8221;no&#8221; min_height=&#8221;none&#8221;][fusion_text] Organized arb | throw and the Association for arbitration law and with the support of arbitral institutions Viacom, BAC, will be&#8230;<\/p>\n","protected":false},"author":1,"featured_media":0,"comment_status":"open","ping_status":"open","sticky":false,"template":"","format":"standard","meta":{"footnotes":""},"categories":[159],"tags":[],"class_list":["post-760","post","type-post","status-publish","format-standard","hentry","category-news-and-activities"],"_links":{"self":[{"href":"https:\/\/www.arbitrationassociation.org\/en\/wp-json\/wp\/v2\/posts\/760","targetHints":{"allow":["GET"]}}],"collection":[{"href":"https:\/\/www.arbitrationassociation.org\/en\/wp-json\/wp\/v2\/posts"}],"about":[{"href":"https:\/\/www.arbitrationassociation.org\/en\/wp-json\/wp\/v2\/types\/post"}],"author":[{"embeddable":true,"href":"https:\/\/www.arbitrationassociation.org\/en\/wp-json\/wp\/v2\/users\/1"}],"replies":[{"embeddable":true,"href":"https:\/\/www.arbitrationassociation.org\/en\/wp-json\/wp\/v2\/comments?post=760"}],"version-history":[{"count":3,"href":"https:\/\/www.arbitrationassociation.org\/en\/wp-json\/wp\/v2\/posts\/760\/revisions"}],"predecessor-version":[{"id":2837,"href":"https:\/\/www.arbitrationassociation.org\/en\/wp-json\/wp\/v2\/posts\/760\/revisions\/2837"}],"wp:attachment":[{"href":"https:\/\/www.arbitrationassociation.org\/en\/wp-json\/wp\/v2\/media?parent=760"}],"wp:term":[{"taxonomy":"category","embeddable":true,"href":"https:\/\/www.arbitrationassociation.org\/en\/wp-json\/wp\/v2\/categories?post=760"},{"taxonomy":"post_tag","embeddable":true,"href":"https:\/\/www.arbitrationassociation.org\/en\/wp-json\/wp\/v2\/tags?post=760"}],"curies":[{"name":"wp","href":"https:\/\/api.w.org\/{rel}","templated":true}]}}